{"id":302,"date":"2023-06-24T14:07:21","date_gmt":"2023-06-24T12:07:21","guid":{"rendered":"https:\/\/tobelbach.de\/wp\/?p=302"},"modified":"2023-06-25T10:17:24","modified_gmt":"2023-06-25T08:17:24","slug":"das-bienenjahre-geht-zu-ende","status":"publish","type":"post","link":"https:\/\/tobelbach.de\/wp\/2023\/06\/24\/das-bienenjahre-geht-zu-ende\/","title":{"rendered":"Das Bienenjahr geht zu Ende"},"content":{"rendered":"<p><img loading=\"lazy\" decoding=\"async\" class=\"size-medium wp-image-287 alignleft\" src=\"https:\/\/tobelbach.de\/wp\/wp-content\/uploads\/2023\/06\/20220705_1232063-300x245.jpg\" alt=\"\" width=\"300\" height=\"245\" srcset=\"https:\/\/tobelbach.de\/wp\/wp-content\/uploads\/2023\/06\/20220705_1232063-300x245.jpg 300w, https:\/\/tobelbach.de\/wp\/wp-content\/uploads\/2023\/06\/20220705_1232063-768x627.jpg 768w, https:\/\/tobelbach.de\/wp\/wp-content\/uploads\/2023\/06\/20220705_1232063-676x552.jpg 676w, https:\/\/tobelbach.de\/wp\/wp-content\/uploads\/2023\/06\/20220705_1232063.jpg 794w\" sizes=\"auto, (max-width: 300px) 100vw, 300px\" \/>Es ging wie immer sehr schnell und das Bienenjahr neigt sich dem Ende.<\/p>\n<p>Ab Mitte Juli werden wir anfangen die V\u00f6lker auf den Winter vorzubereiten. Bis dahin wird es noch eine Honigernte geben mit der Sommertracht. Mit etwas Gl\u00fcck haben kommt dann noch Waldhonig dazu. Nach der Sommersonnwende erlischt bei den Wirtschaftsv\u00f6lkern der Schwarmtrieb und\u00a0 langsam wird auch die Brutt\u00e4tigkeit zur\u00fcckgefahren. F\u00fcr diese V\u00f6lker hei\u00dft dies, das nun das das Varroakonzept umgesetzt werden muss.<\/p>\n<p>Bei den Jungv\u00f6lker dagegen beginnt nun die Zeit des regelm\u00e4\u00dfigen einf\u00fcttern damit diese auf einen Winterst\u00e4rke von 5-7T Bienen im September-Oktober kommen.<\/p>\n","protected":false},"excerpt":{"rendered":"<p>Es ging wie immer sehr schnell und das Bienenjahr neigt sich dem Ende. Ab Mitte Juli werden wir anfangen die V\u00f6lker auf den Winter vorzubereiten. Bis dahin wird es noch eine Honigernte geben mit der Sommertracht. Mit etwas Gl\u00fcck haben kommt dann noch Waldhonig dazu. Nach der Sommersonnwende erlischt bei den Wirtschaftsv\u00f6lkern der Schwarmtrieb und\u00a0 [&hellip;]<\/p>\n","protected":false},"author":2,"featured_media":0,"comment_status":"closed","ping_status":"closed","sticky":false,"template":"","format":"standard","meta":{"footnotes":""},"categories":[10],"tags":[5,29,16,30,27,28],"class_list":["post-302","post","type-post","status-publish","format-standard","hentry","category-bienen","tag-5","tag-bienen","tag-honig","tag-jungvoelker","tag-varroa","tag-wirtschaftsvoelker","post-preview"],"_links":{"self":[{"href":"https:\/\/tobelbach.de\/wp\/wp-json\/wp\/v2\/posts\/302","targetHints":{"allow":["GET"]}}],"collection":[{"href":"https:\/\/tobelbach.de\/wp\/wp-json\/wp\/v2\/posts"}],"about":[{"href":"https:\/\/tobelbach.de\/wp\/wp-json\/wp\/v2\/types\/post"}],"author":[{"embeddable":true,"href":"https:\/\/tobelbach.de\/wp\/wp-json\/wp\/v2\/users\/2"}],"replies":[{"embeddable":true,"href":"https:\/\/tobelbach.de\/wp\/wp-json\/wp\/v2\/comments?post=302"}],"version-history":[{"count":5,"href":"https:\/\/tobelbach.de\/wp\/wp-json\/wp\/v2\/posts\/302\/revisions"}],"predecessor-version":[{"id":309,"href":"https:\/\/tobelbach.de\/wp\/wp-json\/wp\/v2\/posts\/302\/revisions\/309"}],"wp:attachment":[{"href":"https:\/\/tobelbach.de\/wp\/wp-json\/wp\/v2\/media?parent=302"}],"wp:term":[{"taxonomy":"category","embeddable":true,"href":"https:\/\/tobelbach.de\/wp\/wp-json\/wp\/v2\/categories?post=302"},{"taxonomy":"post_tag","embeddable":true,"href":"https:\/\/tobelbach.de\/wp\/wp-json\/wp\/v2\/tags?post=302"}],"curies":[{"name":"wp","href":"https:\/\/api.w.org\/{rel}","templated":true}]}}